{"id":13263,"date":"2014-03-15T11:59:55","date_gmt":"2014-03-15T10:59:55","guid":{"rendered":"http:\/\/www.rotterdam-nesselande.nl\/nieuws\/zuidplas\/rotterdam\/nesselande\/wonen\/?p=13263"},"modified":"2023-02-28T20:13:40","modified_gmt":"2023-02-28T19:13:40","slug":"nesselanders-stemmen-op-19-maart-2014-2x-gebiedscommissie-vitaal","status":"publish","type":"post","link":"https:\/\/www.rotterdam-nesselande.nl\/nieuws\/zuidplas\/rotterdam\/nesselande\/wonen\/nesselanders-stemmen-op-19-maart-2014-2x-gebiedscommissie-vitaal\/","title":{"rendered":"Nesselanders stemmen op 19 maart 2014 2x #gebiedscommissie #vitaal"},"content":{"rendered":"<p><a href=\"http:\/\/www.rotterdam-nesselande.nl\/nieuws\/zuidplas\/rotterdam\/nesselande\/wonen\/2014\/03\/15\/nesselanders-stemmen-op-19-maart-2014-2x-gebiedscommissie-vitaal\/drukteeekl\/\" rel=\"attachment wp-att-13264\"><a href=\"http:\/\/www.rotterdam-nesselande.nl\/nieuws\/zuidplas\/rotterdam\/nesselande\/wonen\/2014\/03\/15\/nesselanders-stemmen-op-19-maart-2014-2x-gebiedscommissie-vitaal\/stemmen\/\" rel=\"attachment wp-att-13268\"><img loading=\"lazy\" decoding=\"async\" class=\"alignleft size-medium wp-image-13268\" alt=\"stemmen\" src=\"http:\/\/www.rotterdam-nesselande.nl\/nieuws\/zuidplas\/rotterdam\/nesselande\/wonen\/wp-content\/uploads\/2014\/03\/stemmen-475x433.jpg\" width=\"475\" height=\"433\" \/><\/a><br \/>\n<\/a>Rotterdammer-Nesselanders \u00a0met kiesrecht stemmen op 19 maart 2x: \u00e9\u00e9n keer voor de gemeenteraad en \u00e9\u00e9n keer voor de gebiedscommissie. \u00a0Vooral voor de wijk Nesselande is de keuze voor gebiedscommissies zeer vitaal gezien de massa aan ontwikkelingen.\u00a0<!--more-->De verkiezingen voor de gebiedscommissies zijn op 19 maart 2014. Dat is op dezelfde dag als de gemeenteraadsverkiezingen. Als inwoner van Rotterdam met kiesrecht kunt u op 19 maart dus twee keer uw stem uitbrengen: \u00e9\u00e9n keer voor de gemeenteraadsverkiezingen en \u00e9\u00e9n keer voor de <a href=\"http:\/\/www.rotterdam.nl\/gebiedscommissies\" target=\"_blank\" rel=\"noopener\"><span style=\"text-decoration: underline;\">gebiedscommissieverkiezingen van het gebied waar u woont<\/span><\/a>. Stemmen kan op 19 maart in de scholen in Nesselande en ook De Kristal.<\/p>\n<p><a href=\"http:\/\/www.rotterdam-nesselande.nl\/nieuws\/zuidplas\/rotterdam\/nesselande\/wonen\/2014\/03\/15\/nesselanders-stemmen-op-19-maart-2014-2x-gebiedscommissie-vitaal\/stemmenpr-475x313\/\" rel=\"attachment wp-att-13265\"><img loading=\"lazy\" decoding=\"async\" alt=\"stemmenpr-475x313\" src=\"http:\/\/www.rotterdam-nesselande.nl\/nieuws\/zuidplas\/rotterdam\/nesselande\/wonen\/wp-content\/uploads\/2014\/03\/stemmenpr-475x313.jpg\" width=\"475\" height=\"313\" \/><\/a><\/p>\n<p>&nbsp;<\/p>\n<div id=\"webeditor\">\n<p>Voorafgaand aan de verkiezingen ontvangt elke stemgerechtigde Rotterdammer twee stempassen. Stemmen op de gebiedscommissie kan alleen bij een stembureau in het gebied waar u woont. Op de stempas staat in welk gebied u mag stemmen en waar het dichtstbijzijnde stembureau voor u is. \u00a0Nesselanders stemmen wederom in De Knoop, scholencomplex te Nesselande.<\/p>\n<p>V\u00f3\u00f3r de installatie van de leden van de gebiedscommissies moet eerst de nieuwe gemeenteraad bij elkaar komen. De eerste bijeenkomst van de nieuwe gemeenteraad na de verkiezingen is op 27 maart 2014. De eerste vergadering van de gebiedscommissies is op zijn vroegst \u00e9\u00e9n week later.<\/p>\n<p><a href=\"http:\/\/www.rotterdam-nesselande.nl\/nieuws\/zuidplas\/rotterdam\/nesselande\/wonen\/2014\/03\/15\/nesselanders-stemmen-op-19-maart-2014-2x-gebiedscommissie-vitaal\/drukteeekl\/\" rel=\"attachment wp-att-13264\"><img loading=\"lazy\" decoding=\"async\" alt=\"drukteeekl\" src=\"http:\/\/www.rotterdam-nesselande.nl\/nieuws\/zuidplas\/rotterdam\/nesselande\/wonen\/wp-content\/uploads\/2014\/03\/drukteeekl.jpg\" width=\"400\" height=\"265\" \/><\/a><\/p>\n<p><strong><\/strong>De gebiedscommissies krijgen de wijkprofielen, de gebiedsplannen en de uitvoeringsprogramma\u2019s voor zover gereed. Vanaf dat moment kunnen zij zich gericht op hun gebied ori\u00ebnteren en hun contacten gaan opbouwen. Een belangrijke taak van de gebiedscommissies wordt het verder uitwerken en aanpassen van de gebiedsplannen voor hun gebied, waarbij zij u &#8211; bewoners, ondernemers en andere partijen &#8211; uit het gebied betrekken.<\/p>\n<\/div>\n<p>&nbsp;<\/p>\n<p>&nbsp;<\/p>\n","protected":false},"excerpt":{"rendered":"<p>Rotterdammer-Nesselanders \u00a0met kiesrecht stemmen op 19 maart 2x: \u00e9\u00e9n keer voor de gemeenteraad en \u00e9\u00e9n keer voor de gebiedscommissie. \u00a0Vooral voor de wijk Nesselande is de keuze voor gebiedscommissies zeer vitaal gezien de massa aan ontwikkelingen.\u00a0<\/p>\n","protected":false},"author":1,"featured_media":0,"comment_status":"closed","ping_status":"open","sticky":false,"template":"","format":"standard","meta":{"tdm_status":"","tdm_grid_status":"","footnotes":""},"categories":[4,16,281,95],"tags":[76,1153,6,48],"class_list":{"0":"post-13263","1":"post","2":"type-post","3":"status-publish","4":"format-standard","6":"category-gemeente-of-deelgemeente","7":"category-nesselande-in-de-pers","8":"category-in-de-omgeving-van-nesselande","9":"category-opgevallen-in-de-wijk-nesselande","10":"tag-de-knoop","11":"tag-gebied","12":"tag-nesselande","13":"tag-stemmen"},"_links":{"self":[{"href":"https:\/\/www.rotterdam-nesselande.nl\/nieuws\/zuidplas\/rotterdam\/nesselande\/wonen\/wp-json\/wp\/v2\/posts\/13263","targetHints":{"allow":["GET"]}}],"collection":[{"href":"https:\/\/www.rotterdam-nesselande.nl\/nieuws\/zuidplas\/rotterdam\/nesselande\/wonen\/wp-json\/wp\/v2\/posts"}],"about":[{"href":"https:\/\/www.rotterdam-nesselande.nl\/nieuws\/zuidplas\/rotterdam\/nesselande\/wonen\/wp-json\/wp\/v2\/types\/post"}],"author":[{"embeddable":true,"href":"https:\/\/www.rotterdam-nesselande.nl\/nieuws\/zuidplas\/rotterdam\/nesselande\/wonen\/wp-json\/wp\/v2\/users\/1"}],"replies":[{"embeddable":true,"href":"https:\/\/www.rotterdam-nesselande.nl\/nieuws\/zuidplas\/rotterdam\/nesselande\/wonen\/wp-json\/wp\/v2\/comments?post=13263"}],"version-history":[{"count":0,"href":"https:\/\/www.rotterdam-nesselande.nl\/nieuws\/zuidplas\/rotterdam\/nesselande\/wonen\/wp-json\/wp\/v2\/posts\/13263\/revisions"}],"wp:attachment":[{"href":"https:\/\/www.rotterdam-nesselande.nl\/nieuws\/zuidplas\/rotterdam\/nesselande\/wonen\/wp-json\/wp\/v2\/media?parent=13263"}],"wp:term":[{"taxonomy":"category","embeddable":true,"href":"https:\/\/www.rotterdam-nesselande.nl\/nieuws\/zuidplas\/rotterdam\/nesselande\/wonen\/wp-json\/wp\/v2\/categories?post=13263"},{"taxonomy":"post_tag","embeddable":true,"href":"https:\/\/www.rotterdam-nesselande.nl\/nieuws\/zuidplas\/rotterdam\/nesselande\/wonen\/wp-json\/wp\/v2\/tags?post=13263"}],"curies":[{"name":"wp","href":"https:\/\/api.w.org\/{rel}","templated":true}]}}