{"id":18927,"date":"2018-01-11T11:39:50","date_gmt":"2018-01-11T10:39:50","guid":{"rendered":"http:\/\/www.rotterdam-nesselande.nl\/nieuws\/zuidplas\/rotterdam\/nesselande\/wonen\/?p=18927"},"modified":"2018-01-11T11:40:23","modified_gmt":"2018-01-11T10:40:23","slug":"21-maart-2018-gemeenteraadsverkiezingen-wijk-nesselande-experimenteert-met-loting-wijkcommissie","status":"publish","type":"post","link":"https:\/\/www.rotterdam-nesselande.nl\/nieuws\/zuidplas\/rotterdam\/nesselande\/wonen\/21-maart-2018-gemeenteraadsverkiezingen-wijk-nesselande-experimenteert-met-loting-wijkcommissie\/","title":{"rendered":"21 maart 2018 gemeenteraadsverkiezingen: Wijk Nesselande experimenteert met loting wijkcommissie"},"content":{"rendered":"<div id=\"comp:00005a559dda:00000013b4:1895\" class=\"text-component container-small\">\n<div>\n<h3><\/h3>\n<h3 class=\"tekst-header\">Op 21 maart 2018 zijn er gemeenteraadsverkiezingen. In Rotterdam kiezen we naast raadsleden \u00f3\u00f3k nieuwe vertegenwoordigers van de wijken. Voor het eerst kunnen ook 16- en 17-jarigen gekozen worden. In sommige wijken is een experiment met loting.<\/h3>\n<p>Rotterdam vindt het belangrijk dat bewoners zoveel mogelijk zelf bepalen wat er gebeurt in hun buurt of wijk. Het wijkbestuur moet een zo eerlijk mogelijke afspiegeling zijn van de mensen die in de wijk wonen. Om dat te bereiken wordt ge\u00ebxperimenteerd met democratische vernieuwingen.<\/p>\n<\/div>\n<\/div>\n<div id=\"comp:00005a559dda:00000013af:1895\" class=\"text-component container-small\">\n<p><a name=\"comp:00005a559dda:00000013af:1895\"><\/a><\/p>\n<div>\n<h3><strong>Stemrecht voor 16- en 17-jarigen<\/strong><\/h3>\n<p>Vanaf nu kunnen 16- en 17-jarigen meestemmen voor de vertegenwoordigers van hun wijk of gebied. En dat niet alleen, zij kunnen zich\u00a0<a href=\"https:\/\/www.rotterdam.nl\/wonen-leven\/kom-op-voor-je-wijk\/\" target=\"_self\">ook verkiesbaar stellen<\/a>.<\/p>\n<\/div>\n<\/div>\n<div id=\"comp:00005a559dda:00000013bd:1895\" class=\"text-component container-small\">\n<p><a name=\"comp:00005a559dda:00000013bd:1895\"><\/a><\/p>\n<div>\n<h3><strong>Wijkraden<\/strong><\/h3>\n<p>In\u00a0<a href=\"https:\/\/www.rotterdam.nl\/wonen-leven\/noord\/\" target=\"_self\">Noord\u00a0<\/a>en\u00a0<a href=\"https:\/\/www.rotterdam.nl\/wonen-leven\/feijenoord\/\" target=\"_self\">Feijenoord\u00a0<\/a>worden bij wijze van experiment de gebiedscommissies opgeheven. In plaats daarvan komen er wijkraden, zes in Noord en acht in Feijenoord. Elke wijkraad bestaat uit vijf leden. Ze kunnen deelnemen op persoonlijke titel, namens een vereniging of namens een politieke partij. Op 21 maart kiezen de wijkbewoners de leden van hun wijkraad. Inwoners van de overige gebieden kiezen net als voorheen de gebiedscommissie.<\/p>\n<\/div>\n<\/div>\n<section class=\"gallery-component variant_0\" data-initialized=\"true\"><a name=\"comp:00005a559dda:00000013f1:1895\"><\/a><\/p>\n<figure>\n<div class=\"container-small\">\n<div class=\"gallery row\"><\/div>\n<\/div>\n<div class=\"container-small\">\n<div class=\"container-small\"><\/div>\n<\/div><figcaption><\/figcaption><\/figure>\n<\/section>\n<div id=\"comp:00005a559dda:00000013be:1895\" class=\"text-component container-small\">\n<div>\n<h3><strong>Nesselande: Gelote wijkcomit\u00e9s<\/strong><\/h3>\n<p>In\u00a0twee wijken in Prins Alexander &#8211; waaronder Nesselande -, Delfshaven en Charlois komt een experiment met wijkcomit\u00e9s. De leden hiervan worden niet gekozen, maar geloot. Woont u in \u00e9\u00e9n van deze zes wijken, dan kan het zijn dat u door loting wordt uitverkoren om zitting te nemen in het comit\u00e9. Het doel is om op deze wijze een eerlijker afspiegeling van de wijk te krijgen. Als u geloot wordt krijgt u natuurlijk een paar dagen bedenktijd om te overwegen of dit wel of niet iets voor u is.<\/p>\n<\/div>\n<\/div>\n<div id=\"comp:00005a559dda:00000013d2:1895\" class=\"text-component container-small\">\n<p><a name=\"comp:00005a559dda:00000013d2:1895\"><\/a><\/p>\n<div>\n<h3><strong>Waarom zou u zich inzetten voor de wijk?<\/strong><\/h3>\n<p>&#8216;Als lid van een commissie of raad in de wijk ben je een belangrijke schakel tussen het stadsbestuur en de inwoners,\u2019 zegt Ronald Tol, voorzitter van de gebiedscommissie in\u00a0<a href=\"https:\/\/www.rotterdam.nl\/wonen-leven\/charlois\/\" target=\"_self\">Charlois<\/a>. \u2018Daarmee kun je \u00e9cht het verschil maken.\u2019 Hij waarschuwt dat het geen makkelijk werk is. &#8216;Je hebt te maken met regels en procedures, waardoor je vaak met veel geduld te werk moet gaan. Aan de andere kant is de wereld vluchtiger geworden en zijn mensen ongeduldig. Ze verwachten dat het bestuur dingen snel regelt.&#8217; Je moet dus wel een beetje over een olifantshuid beschikken, vindt ook Frank Schellenboom, voorzitter van de gebiedscommissie\u00a0<a href=\"https:\/\/www.rotterdam.nl\/wonen-leven\/rozenburg\/\" target=\"_self\">Rozenburg<\/a>. &#8216;En overtuigd zijn van je boodschap.&#8217;<\/p>\n<\/div>\n<\/div>\n<div id=\"comp:00005a559dda:00000013e6:1895\" class=\"text-component container-small\">\n<p><a name=\"comp:00005a559dda:00000013e6:1895\"><\/a><\/p>\n<div>\n<h3><strong>Wereldbaan voor doorzetters<\/strong><\/h3>\n<p>Maar voor wie goed kan luisteren, open staat voor mensen en een doorzetter is, is dit een wereldbaan, volgens Tol. Een wereldbaan die nu meer dan ooit open ligt voor iedereen. Want in de wijken komen experimenten met democratische vernieuwingen. Daardoor kunnen nog meer mensen invloed uitoefenen op hun eigen wijk.<\/p>\n<\/div>\n<\/div>\n<div id=\"comp:00005a559dda:00000013e7:1895\" class=\"container-small\">\n<p><a name=\"comp:00005a559dda:00000013e7:1895\"><\/a><\/p>\n<div class=\"text-component well clearfix\">\n<h3>Meer informatie<\/h3>\n<p>Tot en met 22 januari kunt u zich kandidaat stellen voor de gebiedscommissie of de wijkraad. Hiervoor hoeft u geen lid te zijn van een politieke partij, wel heeft u de steun van een aantal wijkgenoten nodig. Kijk voor meer informatie en aanmelding op\u00a0<a href=\"http:\/\/www.rotterdam.nl\/komopvoorjewijk\">www.rotterdam.nl\/komopvoorjewijk<\/a>. Heeft u nog vragen? Mail\u00a0<a href=\"mailto:verkiezingen2018@rotterdam.nl\">verkiezingen2018@rotterdam.nl<\/a>\u00a0of bel 14 010.<\/p>\n<\/div>\n<p>Via: Rotterdam.nl<\/p>\n<\/div>\n","protected":false},"excerpt":{"rendered":"<p>Op 21 maart 2018 zijn er gemeenteraadsverkiezingen. In Rotterdam kiezen we naast raadsleden \u00f3\u00f3k nieuwe vertegenwoordigers van de wijken. Voor het eerst kunnen ook 16- en 17-jarigen gekozen worden. In sommige wijken is een experiment met loting. Rotterdam vindt het belangrijk dat bewoners zoveel mogelijk zelf bepalen wat er gebeurt in hun buurt of wijk. [&hellip;]<\/p>\n","protected":false},"author":1,"featured_media":30569,"comment_status":"closed","ping_status":"open","sticky":false,"template":"","format":"standard","meta":{"tdm_status":"","tdm_grid_status":"","footnotes":""},"categories":[57],"tags":[1556,122,20],"class_list":{"0":"post-18927","1":"post","2":"type-post","3":"status-publish","4":"format-standard","5":"has-post-thumbnail","7":"category-activiteiten-in-de-wijk","8":"tag-21-maart","9":"tag-verkiezingen","10":"tag-wijk"},"_links":{"self":[{"href":"https:\/\/www.rotterdam-nesselande.nl\/nieuws\/zuidplas\/rotterdam\/nesselande\/wonen\/wp-json\/wp\/v2\/posts\/18927","targetHints":{"allow":["GET"]}}],"collection":[{"href":"https:\/\/www.rotterdam-nesselande.nl\/nieuws\/zuidplas\/rotterdam\/nesselande\/wonen\/wp-json\/wp\/v2\/posts"}],"about":[{"href":"https:\/\/www.rotterdam-nesselande.nl\/nieuws\/zuidplas\/rotterdam\/nesselande\/wonen\/wp-json\/wp\/v2\/types\/post"}],"author":[{"embeddable":true,"href":"https:\/\/www.rotterdam-nesselande.nl\/nieuws\/zuidplas\/rotterdam\/nesselande\/wonen\/wp-json\/wp\/v2\/users\/1"}],"replies":[{"embeddable":true,"href":"https:\/\/www.rotterdam-nesselande.nl\/nieuws\/zuidplas\/rotterdam\/nesselande\/wonen\/wp-json\/wp\/v2\/comments?post=18927"}],"version-history":[{"count":0,"href":"https:\/\/www.rotterdam-nesselande.nl\/nieuws\/zuidplas\/rotterdam\/nesselande\/wonen\/wp-json\/wp\/v2\/posts\/18927\/revisions"}],"wp:featuredmedia":[{"embeddable":true,"href":"https:\/\/www.rotterdam-nesselande.nl\/nieuws\/zuidplas\/rotterdam\/nesselande\/wonen\/wp-json\/wp\/v2\/media\/30569"}],"wp:attachment":[{"href":"https:\/\/www.rotterdam-nesselande.nl\/nieuws\/zuidplas\/rotterdam\/nesselande\/wonen\/wp-json\/wp\/v2\/media?parent=18927"}],"wp:term":[{"taxonomy":"category","embeddable":true,"href":"https:\/\/www.rotterdam-nesselande.nl\/nieuws\/zuidplas\/rotterdam\/nesselande\/wonen\/wp-json\/wp\/v2\/categories?post=18927"},{"taxonomy":"post_tag","embeddable":true,"href":"https:\/\/www.rotterdam-nesselande.nl\/nieuws\/zuidplas\/rotterdam\/nesselande\/wonen\/wp-json\/wp\/v2\/tags?post=18927"}],"curies":[{"name":"wp","href":"https:\/\/api.w.org\/{rel}","templated":true}]}}