{"id":23003,"date":"2020-04-04T23:36:13","date_gmt":"2020-04-04T21:36:13","guid":{"rendered":"https:\/\/www.rotterdam-nesselande.nl\/nieuws\/zuidplas\/rotterdam\/nesselande\/wonen\/?p=23003"},"modified":"2024-09-07T00:30:12","modified_gmt":"2024-09-06T22:30:12","slug":"online-paasviering-2020-kerk-in-nesselande","status":"publish","type":"post","link":"https:\/\/www.rotterdam-nesselande.nl\/nieuws\/zuidplas\/rotterdam\/nesselande\/wonen\/online-paasviering-2020-kerk-in-nesselande\/","title":{"rendered":"Online Paasviering 2020 Kerk in Nesselande"},"content":{"rendered":"<figure id=\"attachment_41188\" aria-describedby=\"caption-attachment-41188\" style=\"width: 563px\" class=\"wp-caption aligncenter\"><a href=\"https:\/\/www.rotterdam-nesselande.nl\/nieuws\/zuidplas\/rotterdam\/nesselande\/wonen\/online-gespreksavonden-kerk-in-nesselande-mei-2020\/kerkinnesselande\/\" rel=\"attachment wp-att-41188\"><img loading=\"lazy\" decoding=\"async\" class=\"size-full wp-image-41188\" src=\"https:\/\/www.rotterdam-nesselande.nl\/nieuws\/zuidplas\/rotterdam\/nesselande\/wonen\/wp-content\/uploads\/2020\/04\/kerkinnesselande.jpg\" alt=\"Kerk in Nesselande dienst\" width=\"563\" height=\"217\" srcset=\"https:\/\/www.rotterdam-nesselande.nl\/nieuws\/zuidplas\/rotterdam\/nesselande\/wonen\/wp-content\/uploads\/2020\/04\/kerkinnesselande.jpg 563w, https:\/\/www.rotterdam-nesselande.nl\/nieuws\/zuidplas\/rotterdam\/nesselande\/wonen\/wp-content\/uploads\/2020\/04\/kerkinnesselande-475x183.jpg 475w\" sizes=\"auto, (max-width: 563px) 100vw, 563px\" \/><\/a><figcaption id=\"caption-attachment-41188\" class=\"wp-caption-text\">Kerk in Nesselande dienst<\/figcaption><\/figure>\n<p><strong>De Kerk in Nesselande organiseert op Witte Donderdag en Goede Vrijdag 10 paril 2020 \u2018Matth\u00e4us aan de Plas\u2019. <\/strong><\/p>\n<blockquote><p>Ge\u00efnspireerd door de helaas afgelaste Matth\u00e4us aan de Maas worden twee digitale vespers verzorgd met elementen uit de Matth\u00e4uspassion.<\/p><\/blockquote>\n<p>Deze online vieringen zijn te volgen op <a href=\"http:\/\/www.kerkinnesselande.nl\/meekijken\">www.kerkinnesselande.nl\/meekijken<\/a>.<\/p>\n<blockquote><p>Ze beginnen om 19.30 uur en duren ongeveer 45 minuten.<\/p><\/blockquote>\n","protected":false},"excerpt":{"rendered":"<p>De Kerk in Nesselande organiseert op Witte Donderdag en Goede Vrijdag 10 paril 2020 \u2018Matth\u00e4us aan de Plas\u2019. Ge\u00efnspireerd door de helaas afgelaste Matth\u00e4us aan de Maas worden twee digitale vespers verzorgd met elementen uit de Matth\u00e4uspassion. Deze online vieringen zijn te volgen op www.kerkinnesselande.nl\/meekijken. Ze beginnen om 19.30 uur en duren ongeveer 45 minuten.<\/p>\n","protected":false},"author":1,"featured_media":41188,"comment_status":"closed","ping_status":"open","sticky":false,"template":"","format":"standard","meta":{"tdm_status":"","tdm_grid_status":"","footnotes":""},"categories":[57,1551],"tags":[266,6,2417,7],"class_list":{"0":"post-23003","1":"post","2":"type-post","3":"status-publish","4":"format-standard","5":"has-post-thumbnail","7":"category-activiteiten-in-de-wijk","8":"category-nieuws-nesselande","9":"tag-kerk","10":"tag-nesselande","11":"tag-news","12":"tag-nieuws"},"_links":{"self":[{"href":"https:\/\/www.rotterdam-nesselande.nl\/nieuws\/zuidplas\/rotterdam\/nesselande\/wonen\/wp-json\/wp\/v2\/posts\/23003","targetHints":{"allow":["GET"]}}],"collection":[{"href":"https:\/\/www.rotterdam-nesselande.nl\/nieuws\/zuidplas\/rotterdam\/nesselande\/wonen\/wp-json\/wp\/v2\/posts"}],"about":[{"href":"https:\/\/www.rotterdam-nesselande.nl\/nieuws\/zuidplas\/rotterdam\/nesselande\/wonen\/wp-json\/wp\/v2\/types\/post"}],"author":[{"embeddable":true,"href":"https:\/\/www.rotterdam-nesselande.nl\/nieuws\/zuidplas\/rotterdam\/nesselande\/wonen\/wp-json\/wp\/v2\/users\/1"}],"replies":[{"embeddable":true,"href":"https:\/\/www.rotterdam-nesselande.nl\/nieuws\/zuidplas\/rotterdam\/nesselande\/wonen\/wp-json\/wp\/v2\/comments?post=23003"}],"version-history":[{"count":0,"href":"https:\/\/www.rotterdam-nesselande.nl\/nieuws\/zuidplas\/rotterdam\/nesselande\/wonen\/wp-json\/wp\/v2\/posts\/23003\/revisions"}],"wp:featuredmedia":[{"embeddable":true,"href":"https:\/\/www.rotterdam-nesselande.nl\/nieuws\/zuidplas\/rotterdam\/nesselande\/wonen\/wp-json\/wp\/v2\/media\/41188"}],"wp:attachment":[{"href":"https:\/\/www.rotterdam-nesselande.nl\/nieuws\/zuidplas\/rotterdam\/nesselande\/wonen\/wp-json\/wp\/v2\/media?parent=23003"}],"wp:term":[{"taxonomy":"category","embeddable":true,"href":"https:\/\/www.rotterdam-nesselande.nl\/nieuws\/zuidplas\/rotterdam\/nesselande\/wonen\/wp-json\/wp\/v2\/categories?post=23003"},{"taxonomy":"post_tag","embeddable":true,"href":"https:\/\/www.rotterdam-nesselande.nl\/nieuws\/zuidplas\/rotterdam\/nesselande\/wonen\/wp-json\/wp\/v2\/tags?post=23003"}],"curies":[{"name":"wp","href":"https:\/\/api.w.org\/{rel}","templated":true}]}}