{"id":28080,"date":"2020-09-10T11:53:40","date_gmt":"2020-09-10T09:53:40","guid":{"rendered":"https:\/\/www.rotterdam-nesselande.nl\/nieuws\/zuidplas\/rotterdam\/nesselande\/wonen\/?p=28080"},"modified":"2020-09-10T22:53:29","modified_gmt":"2020-09-10T20:53:29","slug":"september-2020-de-aftrap-van-rotterdamse-helden-2-0","status":"publish","type":"post","link":"https:\/\/www.rotterdam-nesselande.nl\/nieuws\/zuidplas\/rotterdam\/nesselande\/wonen\/september-2020-de-aftrap-van-rotterdamse-helden-2-0\/","title":{"rendered":"September 2020: De aftrap van Rotterdamse Helden 2.0"},"content":{"rendered":"<p><a href=\"https:\/\/www.rotterdam-nesselande.nl\/nieuws\/zuidplas\/rotterdam\/nesselande\/wonen\/2020\/09\/10\/september-2020-de-aftrap-van-rotterdamse-helden-2-0\/rotterdamsehelden-kniplogo\/\" rel=\"attachment wp-att-28081\"><img loading=\"lazy\" decoding=\"async\" class=\" wp-image-28081 aligncenter\" src=\"https:\/\/www.rotterdam-nesselande.nl\/nieuws\/zuidplas\/rotterdam\/nesselande\/wonen\/wp-content\/uploads\/2020\/09\/rotterdamsehelden-kniplogo.jpg\" alt=\"\" width=\"397\" height=\"299\" \/><\/a><\/p>\n<p style=\"font-weight: 400;\"><strong>9 september 2020 vond de afsluiting plaats van Rotterdamse Helden 1.0 en de aftrap van Rotterdamse Helden 2.0.\u00a0Rotterdamse Helden is in september 2018 van\u00a0start\u00a0gegaan als een van de eerste proeftuinen van MDT (<em>Maatschappelijke Diensttijd<\/em>). In anderhalf jaar tijd hebben ruim 700 jongeren hier hun MDT gedaan en zich ingezet voor kwetsbare doelgroepen.\u00a0De jongeren hebben zich hierdoor persoonlijk ontwikkeld, hun talenten ontdekt, nieuwe mensen ontmoet en vooral ervaren hoe fijn het is om iets te betekenen voor een ander. Ook is er op basis van jongerenparticipatie een methodiek ontwikkeld ten aanzien van het werven, matchen, begeleiden, trainen en waarderen van jongeren. Deze methodiek is tijdens de bijeenkomst overhandigd aan wethouder Grauss.<\/strong><\/p>\n<h1 style=\"font-weight: 400;\">Wethouder<\/h1>\n<p style=\"font-weight: 400;\">Wethouder Grauss gaf aan: \u2018\u2019Juist in deze tijd is contact met mensen zo van belang. Mooi om te zien dat Rotterdamse Helden jongeren laat ontdekken: ik kan wat doen voor een ander, daar groei ik zelf ook van.\u2019\u2019 Jongere Nadia vertelt waarom zij zich heeft aangemeld als Rotterdamse Held: \u2018\u2019 Tijdens mijn reizen heb ik gezien hoe mooi de wereld is, maar ook dat er nog een hoop te verbeteren valt. Eenmaal terug in Nederland wilde ik graag een steentje bijdragen aan die verbeteringen. En als ik later 80 ben, hoop ik ook dat er iemand naar me omkijkt.\u2019\u2019 Wat het haar zelf oplevert? \u2018\u2019Heel veel waardering en ik heb er een bonusopa en -oma bij.\u2019\u2019 De bijeenkomst werd afgesloten met een bijzondere voordracht van voormalig stadsdichter en spoken word-artiest Derek Otte. Een citaat uit zijn ode aan de Rotterdamse Helden: &#8220;Het is deels goed voor je skills, je netwerk en CV. Maar wie denkt dat het d\u00e1\u00e1rom gaat, heeft echt geen idee. Het is hartstikke mooi meegenomen maar het gaat vooral om raken. De levens van veel mensen, een stukje mooier maken. Wat dat betekent, is voor mij makkelijk in \u00e9\u00e9n volzin te bespreken: dank je wel dat jullie je tijd z\u00f3 zinvol besteden.&#8221;<\/p>\n<h1 style=\"font-weight: 400;\"><strong>Rotterdamse Helden<\/strong><\/h1>\n<p style=\"font-weight: 400;\"><em>Rotterdamse Helden is een initiatief van Unie Van Vrijwilligers Rotterdam (UVV) en maakt inmiddels onderdeel uit van het offici\u00eble programma van MDT.\u00a0Het ministerie van VWS wil met MDT bevorderen dat iedere jongere de mogelijkheid krijgt om zichzelf te ontwikkelen en in te zetten voor de samenleving. Bij Rotterdamse Helden krijgen jongeren van 14 tot en met 27 jaar de kans om iets te betekenen voor een ander en daar zelf ook veel van te leren. UVV werkt hiervoor samen met een jongerenpanel en een projectgroep bestaande uit de gemeente Rotterdam, Rotterdammersvoorelkaar, PIT 010 en Thuis Op Straat.<\/em><\/p>\n","protected":false},"excerpt":{"rendered":"<p>9 september 2020 vond de afsluiting plaats van Rotterdamse Helden 1.0 en de aftrap van Rotterdamse Helden 2.0.\u00a0Rotterdamse Helden is in september 2018 van\u00a0start\u00a0gegaan als een van de eerste proeftuinen van MDT (Maatschappelijke Diensttijd). In anderhalf jaar tijd hebben ruim 700 jongeren hier hun MDT gedaan en zich ingezet voor kwetsbare doelgroepen.\u00a0De jongeren hebben zich [&hellip;]<\/p>\n","protected":false},"author":1,"featured_media":28081,"comment_status":"closed","ping_status":"open","sticky":false,"template":"","format":"standard","meta":{"tdm_status":"","tdm_grid_status":"","footnotes":""},"categories":[1551,281],"tags":[1959,79],"class_list":{"0":"post-28080","1":"post","2":"type-post","3":"status-publish","4":"format-standard","5":"has-post-thumbnail","7":"category-nieuws-nesselande","8":"category-in-de-omgeving-van-nesselande","9":"tag-helden","10":"tag-rotterdam"},"_links":{"self":[{"href":"https:\/\/www.rotterdam-nesselande.nl\/nieuws\/zuidplas\/rotterdam\/nesselande\/wonen\/wp-json\/wp\/v2\/posts\/28080","targetHints":{"allow":["GET"]}}],"collection":[{"href":"https:\/\/www.rotterdam-nesselande.nl\/nieuws\/zuidplas\/rotterdam\/nesselande\/wonen\/wp-json\/wp\/v2\/posts"}],"about":[{"href":"https:\/\/www.rotterdam-nesselande.nl\/nieuws\/zuidplas\/rotterdam\/nesselande\/wonen\/wp-json\/wp\/v2\/types\/post"}],"author":[{"embeddable":true,"href":"https:\/\/www.rotterdam-nesselande.nl\/nieuws\/zuidplas\/rotterdam\/nesselande\/wonen\/wp-json\/wp\/v2\/users\/1"}],"replies":[{"embeddable":true,"href":"https:\/\/www.rotterdam-nesselande.nl\/nieuws\/zuidplas\/rotterdam\/nesselande\/wonen\/wp-json\/wp\/v2\/comments?post=28080"}],"version-history":[{"count":0,"href":"https:\/\/www.rotterdam-nesselande.nl\/nieuws\/zuidplas\/rotterdam\/nesselande\/wonen\/wp-json\/wp\/v2\/posts\/28080\/revisions"}],"wp:featuredmedia":[{"embeddable":true,"href":"https:\/\/www.rotterdam-nesselande.nl\/nieuws\/zuidplas\/rotterdam\/nesselande\/wonen\/wp-json\/wp\/v2\/media\/28081"}],"wp:attachment":[{"href":"https:\/\/www.rotterdam-nesselande.nl\/nieuws\/zuidplas\/rotterdam\/nesselande\/wonen\/wp-json\/wp\/v2\/media?parent=28080"}],"wp:term":[{"taxonomy":"category","embeddable":true,"href":"https:\/\/www.rotterdam-nesselande.nl\/nieuws\/zuidplas\/rotterdam\/nesselande\/wonen\/wp-json\/wp\/v2\/categories?post=28080"},{"taxonomy":"post_tag","embeddable":true,"href":"https:\/\/www.rotterdam-nesselande.nl\/nieuws\/zuidplas\/rotterdam\/nesselande\/wonen\/wp-json\/wp\/v2\/tags?post=28080"}],"curies":[{"name":"wp","href":"https:\/\/api.w.org\/{rel}","templated":true}]}}