{"id":32248,"date":"2021-04-09T13:33:02","date_gmt":"2021-04-09T11:33:02","guid":{"rendered":"https:\/\/www.rotterdam-nesselande.nl\/nieuws\/zuidplas\/rotterdam\/nesselande\/wonen\/?p=32248"},"modified":"2021-06-06T01:20:34","modified_gmt":"2021-06-05T23:20:34","slug":"luchtkwaliteit-nl-matige-luchtkwaliteit-boven-nesselande-en-omgeving","status":"publish","type":"post","link":"https:\/\/www.rotterdam-nesselande.nl\/nieuws\/zuidplas\/rotterdam\/nesselande\/wonen\/luchtkwaliteit-nl-matige-luchtkwaliteit-boven-nesselande-en-omgeving\/","title":{"rendered":"Luchtkwaliteit.nl: Matige luchtkwaliteit boven Nesselande en omgeving"},"content":{"rendered":"<p id=\"cYKHaTd\"><img loading=\"lazy\" decoding=\"async\" width=\"1006\" height=\"548\" class=\"alignnone size-full wp-image-32249 \" src=\"https:\/\/www.rotterdam-nesselande.nl\/nieuws\/zuidplas\/rotterdam\/nesselande\/wonen\/wp-content\/uploads\/2021\/04\/img_60703b1224e17.png\" alt=\"\" srcset=\"https:\/\/www.rotterdam-nesselande.nl\/nieuws\/zuidplas\/rotterdam\/nesselande\/wonen\/wp-content\/uploads\/2021\/04\/img_60703b1224e17.png 1006w, https:\/\/www.rotterdam-nesselande.nl\/nieuws\/zuidplas\/rotterdam\/nesselande\/wonen\/wp-content\/uploads\/2021\/04\/img_60703b1224e17-475x259.png 475w, https:\/\/www.rotterdam-nesselande.nl\/nieuws\/zuidplas\/rotterdam\/nesselande\/wonen\/wp-content\/uploads\/2021\/04\/img_60703b1224e17-768x418.png 768w, https:\/\/www.rotterdam-nesselande.nl\/nieuws\/zuidplas\/rotterdam\/nesselande\/wonen\/wp-content\/uploads\/2021\/04\/img_60703b1224e17-696x379.png 696w\" sizes=\"auto, (max-width: 1006px) 100vw, 1006px\" \/><\/p>\n<p>Qua stikstof vervuiling valt het april 2021 wel mee. Overall gezien is de luchtkwaliteit (LKI) boven Rotterdam-Nesselande matig. Aldus de meting van luchtkwaliteit.nl op 9 april 2021. Uitleg:<\/p>\n<div class=\"styled__Text-sc-18720cy-3 gsUoDn\">\n<blockquote><p>De index vat gegevens samen over de luchtkwaliteit. De luchtkwaliteit wordt ingedeeld in vijf klassen van goed tot zeer slecht. Op basis van de actuele luchtkwaliteit op uw locatie wordt een handelingsadvies gegeven.<\/p><\/blockquote>\n<h1>Het advies<\/h1>\n<\/div>\n<p id=\"XukHpDQ\"><img loading=\"lazy\" decoding=\"async\" width=\"975\" height=\"637\" class=\"alignnone size-full wp-image-32251 \" src=\"https:\/\/www.rotterdam-nesselande.nl\/nieuws\/zuidplas\/rotterdam\/nesselande\/wonen\/wp-content\/uploads\/2021\/04\/img_60703b9d23679.png\" alt=\"\" srcset=\"https:\/\/www.rotterdam-nesselande.nl\/nieuws\/zuidplas\/rotterdam\/nesselande\/wonen\/wp-content\/uploads\/2021\/04\/img_60703b9d23679.png 975w, https:\/\/www.rotterdam-nesselande.nl\/nieuws\/zuidplas\/rotterdam\/nesselande\/wonen\/wp-content\/uploads\/2021\/04\/img_60703b9d23679-475x310.png 475w, https:\/\/www.rotterdam-nesselande.nl\/nieuws\/zuidplas\/rotterdam\/nesselande\/wonen\/wp-content\/uploads\/2021\/04\/img_60703b9d23679-768x502.png 768w, https:\/\/www.rotterdam-nesselande.nl\/nieuws\/zuidplas\/rotterdam\/nesselande\/wonen\/wp-content\/uploads\/2021\/04\/img_60703b9d23679-696x455.png 696w\" sizes=\"auto, (max-width: 975px) 100vw, 975px\" \/><\/p>\n<div class=\"styled__Text-sc-18720cy-3 gsUoDn\">\n<p>&nbsp;<\/p>\n<p><em>U hoeft uw gebruikelijke activiteiten niet aan te passen. Bent u gevoelig voor luchtverontreiniging? Overweeg dan lichamelijke inspanning te verminderen. Het advies dat de website en meting geeft bij deze score:<\/em><\/p>\n<\/div>\n<div class=\"styled__LkiReadMoreText-bmpjc2-7 GEToQ\">\n<h3><\/h3>\n<blockquote><p>Heeft u klachten of weet u dat u snel last krijgt? Heeft u een luchtwegaandoening, hart- of vaatziekte of suikerziekte? U kunt gevoeliger zijn voor luchtverontreiniging. Ook kinderen of ouderen kunnen gevoeliger zijn.<\/p><\/blockquote>\n<h3>Klachten<\/h3>\n<p>U kunt symptomen ervaren zoals benauwdheid, hoesten, ge\u00efrriteerde keel, ge\u00efrriteerde neus of ge\u00efrriteerde ogen. Sommige mensen ondervinden vrijwel direct klachten; anderen ervaren deze aan het einde van de dag. Als u uw klachten noteert, bijvoorbeeld in uw agenda, kunt u zelf nagaan of deze samenhangen met de luchtkwaliteit. Mensen met diabetes hebben bij een slechte luchtkwaliteit meer risico op bijkomende klachten aan hart- en bloedvaten. Bij luchtwegaandoening: Bijvoorbeeld astma, COPD, bronchitis of longemfyseem.<\/p>\n<\/div>\n<p>&nbsp;<\/p>\n<h1>Let op: dit is een momentopname, zie hier de tool.<\/h1>\n","protected":false},"excerpt":{"rendered":"<p>Qua stikstof vervuiling valt het april 2021 wel mee. Overall gezien is de luchtkwaliteit (LKI) boven Rotterdam-Nesselande matig. Aldus de meting van luchtkwaliteit.nl op 9 april 2021. Uitleg: De index vat gegevens samen over de luchtkwaliteit. De luchtkwaliteit wordt ingedeeld in vijf klassen van goed tot zeer slecht. Op basis van de actuele luchtkwaliteit op [&hellip;]<\/p>\n","protected":false},"author":1,"featured_media":32249,"comment_status":"closed","ping_status":"open","sticky":false,"template":"","format":"standard","meta":{"tdm_status":"","tdm_grid_status":"","footnotes":""},"categories":[57,1551,1],"tags":[1152,1534,6,2417,7],"class_list":{"0":"post-32248","1":"post","2":"type-post","3":"status-publish","4":"format-standard","5":"has-post-thumbnail","7":"category-activiteiten-in-de-wijk","8":"category-nieuws-nesselande","9":"category-nieuws-nesselande-nieuws","10":"tag-laatste-nieuws","11":"tag-lucht","12":"tag-nesselande","13":"tag-news","14":"tag-nieuws"},"_links":{"self":[{"href":"https:\/\/www.rotterdam-nesselande.nl\/nieuws\/zuidplas\/rotterdam\/nesselande\/wonen\/wp-json\/wp\/v2\/posts\/32248","targetHints":{"allow":["GET"]}}],"collection":[{"href":"https:\/\/www.rotterdam-nesselande.nl\/nieuws\/zuidplas\/rotterdam\/nesselande\/wonen\/wp-json\/wp\/v2\/posts"}],"about":[{"href":"https:\/\/www.rotterdam-nesselande.nl\/nieuws\/zuidplas\/rotterdam\/nesselande\/wonen\/wp-json\/wp\/v2\/types\/post"}],"author":[{"embeddable":true,"href":"https:\/\/www.rotterdam-nesselande.nl\/nieuws\/zuidplas\/rotterdam\/nesselande\/wonen\/wp-json\/wp\/v2\/users\/1"}],"replies":[{"embeddable":true,"href":"https:\/\/www.rotterdam-nesselande.nl\/nieuws\/zuidplas\/rotterdam\/nesselande\/wonen\/wp-json\/wp\/v2\/comments?post=32248"}],"version-history":[{"count":0,"href":"https:\/\/www.rotterdam-nesselande.nl\/nieuws\/zuidplas\/rotterdam\/nesselande\/wonen\/wp-json\/wp\/v2\/posts\/32248\/revisions"}],"wp:featuredmedia":[{"embeddable":true,"href":"https:\/\/www.rotterdam-nesselande.nl\/nieuws\/zuidplas\/rotterdam\/nesselande\/wonen\/wp-json\/wp\/v2\/media\/32249"}],"wp:attachment":[{"href":"https:\/\/www.rotterdam-nesselande.nl\/nieuws\/zuidplas\/rotterdam\/nesselande\/wonen\/wp-json\/wp\/v2\/media?parent=32248"}],"wp:term":[{"taxonomy":"category","embeddable":true,"href":"https:\/\/www.rotterdam-nesselande.nl\/nieuws\/zuidplas\/rotterdam\/nesselande\/wonen\/wp-json\/wp\/v2\/categories?post=32248"},{"taxonomy":"post_tag","embeddable":true,"href":"https:\/\/www.rotterdam-nesselande.nl\/nieuws\/zuidplas\/rotterdam\/nesselande\/wonen\/wp-json\/wp\/v2\/tags?post=32248"}],"curies":[{"name":"wp","href":"https:\/\/api.w.org\/{rel}","templated":true}]}}