{"id":36074,"date":"2021-06-26T06:45:18","date_gmt":"2021-06-26T04:45:18","guid":{"rendered":"https:\/\/www.rotterdam-nesselande.nl\/nieuws\/zuidplas\/rotterdam\/nesselande\/wonen\/?p=36074"},"modified":"2021-07-17T19:04:05","modified_gmt":"2021-07-17T17:04:05","slug":"zaterdag-26-juni-wederom-een-zwemclinic-voor-kinderen-de-geheimen-van-zwemmen-in-natuurwater","status":"publish","type":"post","link":"https:\/\/www.rotterdam-nesselande.nl\/nieuws\/zuidplas\/rotterdam\/nesselande\/wonen\/zaterdag-26-juni-wederom-een-zwemclinic-voor-kinderen-de-geheimen-van-zwemmen-in-natuurwater\/","title":{"rendered":"Zaterdag 26 juni wederom zwemclinic voor kinderen: &#8216;De geheimen van zwemmen in natuurwater&#8217;"},"content":{"rendered":"<p id=\"UMIGgUy\"><img loading=\"lazy\" decoding=\"async\" width=\"1200\" height=\"675\" class=\"size-full wp-image-36075 aligncenter\" src=\"https:\/\/www.rotterdam-nesselande.nl\/nieuws\/zuidplas\/rotterdam\/nesselande\/wonen\/wp-content\/uploads\/2021\/06\/img_60cb27892c202.png\" alt=\"\" srcset=\"https:\/\/www.rotterdam-nesselande.nl\/nieuws\/zuidplas\/rotterdam\/nesselande\/wonen\/wp-content\/uploads\/2021\/06\/img_60cb27892c202.png 1200w, https:\/\/www.rotterdam-nesselande.nl\/nieuws\/zuidplas\/rotterdam\/nesselande\/wonen\/wp-content\/uploads\/2021\/06\/img_60cb27892c202-475x267.png 475w, https:\/\/www.rotterdam-nesselande.nl\/nieuws\/zuidplas\/rotterdam\/nesselande\/wonen\/wp-content\/uploads\/2021\/06\/img_60cb27892c202-1024x576.png 1024w, https:\/\/www.rotterdam-nesselande.nl\/nieuws\/zuidplas\/rotterdam\/nesselande\/wonen\/wp-content\/uploads\/2021\/06\/img_60cb27892c202-768x432.png 768w, https:\/\/www.rotterdam-nesselande.nl\/nieuws\/zuidplas\/rotterdam\/nesselande\/wonen\/wp-content\/uploads\/2021\/06\/img_60cb27892c202-696x392.png 696w, https:\/\/www.rotterdam-nesselande.nl\/nieuws\/zuidplas\/rotterdam\/nesselande\/wonen\/wp-content\/uploads\/2021\/06\/img_60cb27892c202-1068x601.png 1068w\" sizes=\"auto, (max-width: 1200px) 100vw, 1200px\" \/><\/p>\n<p class=\"has-text-align-left\"><strong>\u2018Ik zou het echt tof vinden om vaker te zwemmen in de Zevenhuizerplas. Maar ik vind het toch wel spannend. Wat als ik moe word en niet kan staan, of als ik ineens tussen de vissen zwem?\u2019, zei een negenjarige jongen. Een scherpe vraag. En daarom geeft zwemcoach Manon Spruit de <em>zwemclinic<\/em>: Ontdek de geheimen van zwemmen in buitenwater. Ontdek de geheimen van zwemmen in natuurwater.<\/strong><\/p>\n<h1 class=\"has-text-align-left\">Waterweetjes<\/h1>\n<p class=\"has-text-align-left\">In drie kwartier leert ze de belangrijkste openwaterweetjes aan kinderen vanaf 7 jaar.<br \/>\nUiteraard in het water, met cardio en bingo. Is jouw kind erbij?<\/p>\n<p><em>Wat moet je weten?<\/em><\/p>\n<ul>\n<li>We organiseren \u00e9\u00e9n clinic om 10 uur, en \u00e9\u00e9n om 11.00 uur.<\/li>\n<li>Er zijn maximaal 12 kinderen per clinic.<\/li>\n<li>Je kind heeft minimaal diploma A \u00e9n diploma B.<\/li>\n<li>Je kind is minimaal 7 jaar oud.<\/li>\n<li>Deelname van je kind is op eigen risico.<\/li>\n<li>De eigen bijdrage is 5 euro.<\/li>\n<\/ul>\n<p><em>Inschrijven<\/em><\/p>\n<p><a href=\"https:\/\/zwemmenindezevenhuizerplas.nl\/zaterdag-26-juni-zwemclinic-voor-kinderen\/?fbclid=IwAR02ip2IHIUiC-7Km923I7wrhXReYvge7vJHCS0il6ic5hz22dxYjsIf5dw\">Met onderstaand formulier kan de inschrijving en de bijbehorende betaling via iDEAL voor maximaal 3 deelnemende kinderen worden afgehandeld. Bij meer dan 3 kinderen vragen we u dus om het formulier meerdere keren in te vullen.\u00a0<\/a><\/p>\n<p>&nbsp;<\/p>\n<p>(Ingezonden bericht)<\/p>\n<hr \/>\n<p>Foto: Daisy Karremans. #foto #wijk #nieuws #nesselande #news #strand<\/p>\n","protected":false},"excerpt":{"rendered":"<p>\u2018Ik zou het echt tof vinden om vaker te zwemmen in de Zevenhuizerplas. Maar ik vind het toch wel spannend. Wat als ik moe word en niet kan staan, of als ik ineens tussen de vissen zwem?\u2019, zei een negenjarige jongen. Een scherpe vraag. En daarom geeft zwemcoach Manon Spruit de zwemclinic: Ontdek de geheimen [&hellip;]<\/p>\n","protected":false},"author":1,"featured_media":36075,"comment_status":"closed","ping_status":"open","sticky":false,"template":"","format":"standard","meta":{"tdm_status":"","tdm_grid_status":"","footnotes":""},"categories":[57,1],"tags":[2168,7,2336,124,419],"class_list":{"0":"post-36074","1":"post","2":"type-post","3":"status-publish","4":"format-standard","5":"has-post-thumbnail","7":"category-activiteiten-in-de-wijk","8":"category-nieuws-nesselande-nieuws","9":"tag-clinic","10":"tag-nieuws","11":"tag-nieuws-nesselande","12":"tag-zevenhuizerplas","13":"tag-zwemmen"},"_links":{"self":[{"href":"https:\/\/www.rotterdam-nesselande.nl\/nieuws\/zuidplas\/rotterdam\/nesselande\/wonen\/wp-json\/wp\/v2\/posts\/36074","targetHints":{"allow":["GET"]}}],"collection":[{"href":"https:\/\/www.rotterdam-nesselande.nl\/nieuws\/zuidplas\/rotterdam\/nesselande\/wonen\/wp-json\/wp\/v2\/posts"}],"about":[{"href":"https:\/\/www.rotterdam-nesselande.nl\/nieuws\/zuidplas\/rotterdam\/nesselande\/wonen\/wp-json\/wp\/v2\/types\/post"}],"author":[{"embeddable":true,"href":"https:\/\/www.rotterdam-nesselande.nl\/nieuws\/zuidplas\/rotterdam\/nesselande\/wonen\/wp-json\/wp\/v2\/users\/1"}],"replies":[{"embeddable":true,"href":"https:\/\/www.rotterdam-nesselande.nl\/nieuws\/zuidplas\/rotterdam\/nesselande\/wonen\/wp-json\/wp\/v2\/comments?post=36074"}],"version-history":[{"count":0,"href":"https:\/\/www.rotterdam-nesselande.nl\/nieuws\/zuidplas\/rotterdam\/nesselande\/wonen\/wp-json\/wp\/v2\/posts\/36074\/revisions"}],"wp:featuredmedia":[{"embeddable":true,"href":"https:\/\/www.rotterdam-nesselande.nl\/nieuws\/zuidplas\/rotterdam\/nesselande\/wonen\/wp-json\/wp\/v2\/media\/36075"}],"wp:attachment":[{"href":"https:\/\/www.rotterdam-nesselande.nl\/nieuws\/zuidplas\/rotterdam\/nesselande\/wonen\/wp-json\/wp\/v2\/media?parent=36074"}],"wp:term":[{"taxonomy":"category","embeddable":true,"href":"https:\/\/www.rotterdam-nesselande.nl\/nieuws\/zuidplas\/rotterdam\/nesselande\/wonen\/wp-json\/wp\/v2\/categories?post=36074"},{"taxonomy":"post_tag","embeddable":true,"href":"https:\/\/www.rotterdam-nesselande.nl\/nieuws\/zuidplas\/rotterdam\/nesselande\/wonen\/wp-json\/wp\/v2\/tags?post=36074"}],"curies":[{"name":"wp","href":"https:\/\/api.w.org\/{rel}","templated":true}]}}