{"id":6943,"date":"2010-10-03T13:56:28","date_gmt":"2010-10-03T17:56:28","guid":{"rendered":"http:\/\/www.rotterdam-nesselande.nl\/nieuws\/zuidplas\/rotterdam\/nesselande\/wonen\/?p=6943"},"modified":"2023-02-28T20:12:19","modified_gmt":"2023-02-28T19:12:19","slug":"karaoke-en-kalenders-maken-voor-mensen-met-een-verstandelijke-beperking-zeer-geslaagd","status":"publish","type":"post","link":"https:\/\/www.rotterdam-nesselande.nl\/nieuws\/zuidplas\/rotterdam\/nesselande\/wonen\/karaoke-en-kalenders-maken-voor-mensen-met-een-verstandelijke-beperking-zeer-geslaagd\/","title":{"rendered":"Karaoke en kalenders maken voor mensen met een verstandelijke beperking zeer geslaagd"},"content":{"rendered":"<p><strong><a rel=\"attachment wp-att-6944\" href=\"http:\/\/www.rotterdam-nesselande.nl\/nieuws\/zuidplas\/rotterdam\/nesselande\/wonen\/2010\/10\/03\/karaoke-en-kalenders-maken-voor-mensen-met-een-verstandelijke-beperking-zeer-geslaagd\/instuif_karaoke_en_kalenders_maken02\/\"><img loading=\"lazy\" decoding=\"async\" class=\"alignleft size-medium wp-image-6944\" title=\"Instuif_karaoke_en_kalenders_maken02\" src=\"http:\/\/www.rotterdam-nesselande.nl\/nieuws\/zuidplas\/rotterdam\/nesselande\/wonen\/wp-content\/uploads\/2010\/10\/Instuif_karaoke_en_kalenders_maken02-375x500.jpg\" alt=\"\" width=\"375\" height=\"500\" \/><\/a>Stichting Buurtwerk Alexander organiseert maandelijks een instuif in De Kristal voor mensen met een verstandelijke beperking.<\/strong> <!--more-->29 september konden bezoekers een kalender maken en hun favoriete nummers zingen tijdens de karaoke. Inmiddels is het nieuwe programma ook bekend voor woensdag 27 oktober: levend ganzenbord spelen en schilderen. Ze mogen deelnemen aan\u00a0 beide onderdelen van 19:00-21:00 uur. Binnen het thema \u201cherfst\u201d of \u201cHalloween\u201d kan er een mooie schilderij gemaakt worden.<br \/>\nGraag voor 20 oktober opgeven: 010- 2 86 27 60. Een kaartje kost \u20ac 4,- (inclusief \u00e9\u00e9n koffie of thee) en zijn vooraf te koop bij de balie of in het NessCaf\u00e9 in De Kristal, Cypruslaan 404, Rotterdam-Nesselande (naast de metro).<\/p>\n","protected":false},"excerpt":{"rendered":"<p>Stichting Buurtwerk Alexander organiseert maandelijks een instuif in De Kristal voor mensen met een verstandelijke beperking.<\/p>\n","protected":false},"author":1,"featured_media":0,"comment_status":"closed","ping_status":"open","sticky":false,"template":"","format":"standard","meta":{"tdm_status":"","tdm_grid_status":"","footnotes":""},"categories":[1],"tags":[],"class_list":{"0":"post-6943","1":"post","2":"type-post","3":"status-publish","4":"format-standard","6":"category-nieuws-nesselande-nieuws"},"_links":{"self":[{"href":"https:\/\/www.rotterdam-nesselande.nl\/nieuws\/zuidplas\/rotterdam\/nesselande\/wonen\/wp-json\/wp\/v2\/posts\/6943","targetHints":{"allow":["GET"]}}],"collection":[{"href":"https:\/\/www.rotterdam-nesselande.nl\/nieuws\/zuidplas\/rotterdam\/nesselande\/wonen\/wp-json\/wp\/v2\/posts"}],"about":[{"href":"https:\/\/www.rotterdam-nesselande.nl\/nieuws\/zuidplas\/rotterdam\/nesselande\/wonen\/wp-json\/wp\/v2\/types\/post"}],"author":[{"embeddable":true,"href":"https:\/\/www.rotterdam-nesselande.nl\/nieuws\/zuidplas\/rotterdam\/nesselande\/wonen\/wp-json\/wp\/v2\/users\/1"}],"replies":[{"embeddable":true,"href":"https:\/\/www.rotterdam-nesselande.nl\/nieuws\/zuidplas\/rotterdam\/nesselande\/wonen\/wp-json\/wp\/v2\/comments?post=6943"}],"version-history":[{"count":0,"href":"https:\/\/www.rotterdam-nesselande.nl\/nieuws\/zuidplas\/rotterdam\/nesselande\/wonen\/wp-json\/wp\/v2\/posts\/6943\/revisions"}],"wp:attachment":[{"href":"https:\/\/www.rotterdam-nesselande.nl\/nieuws\/zuidplas\/rotterdam\/nesselande\/wonen\/wp-json\/wp\/v2\/media?parent=6943"}],"wp:term":[{"taxonomy":"category","embeddable":true,"href":"https:\/\/www.rotterdam-nesselande.nl\/nieuws\/zuidplas\/rotterdam\/nesselande\/wonen\/wp-json\/wp\/v2\/categories?post=6943"},{"taxonomy":"post_tag","embeddable":true,"href":"https:\/\/www.rotterdam-nesselande.nl\/nieuws\/zuidplas\/rotterdam\/nesselande\/wonen\/wp-json\/wp\/v2\/tags?post=6943"}],"curies":[{"name":"wp","href":"https:\/\/api.w.org\/{rel}","templated":true}]}}