{"id":69434,"date":"2025-01-22T22:42:59","date_gmt":"2025-01-22T21:42:59","guid":{"rendered":"https:\/\/www.rotterdam-nesselande.nl\/nieuws\/zuidplas\/rotterdam\/nesselande\/wonen\/?p=69434"},"modified":"2025-01-22T22:43:48","modified_gmt":"2025-01-22T21:43:48","slug":"gemeente-krijgt-bijdrage-om-bouw-flexwoningen-nesselande-te-versnellen","status":"publish","type":"post","link":"https:\/\/www.rotterdam-nesselande.nl\/nieuws\/zuidplas\/rotterdam\/nesselande\/wonen\/gemeente-krijgt-bijdrage-om-bouw-flexwoningen-nesselande-te-versnellen\/","title":{"rendered":"Gemeente krijgt bijdrage om bouw flexwoningen Nesselande te versnellen"},"content":{"rendered":"<p id=\"JZmuics\"><img loading=\"lazy\" decoding=\"async\" width=\"718\" height=\"525\" class=\"alignnone size-full wp-image-69435 \" src=\"https:\/\/www.rotterdam-nesselande.nl\/nieuws\/zuidplas\/rotterdam\/nesselande\/wonen\/wp-content\/uploads\/2025\/01\/img_6791662734441.png\" alt=\"\" srcset=\"https:\/\/www.rotterdam-nesselande.nl\/nieuws\/zuidplas\/rotterdam\/nesselande\/wonen\/wp-content\/uploads\/2025\/01\/img_6791662734441.png?v=1737582120 718w, https:\/\/www.rotterdam-nesselande.nl\/nieuws\/zuidplas\/rotterdam\/nesselande\/wonen\/wp-content\/uploads\/2025\/01\/img_6791662734441-475x347.png?v=1737582120 475w, https:\/\/www.rotterdam-nesselande.nl\/nieuws\/zuidplas\/rotterdam\/nesselande\/wonen\/wp-content\/uploads\/2025\/01\/img_6791662734441-574x420.png?v=1737582120 574w, https:\/\/www.rotterdam-nesselande.nl\/nieuws\/zuidplas\/rotterdam\/nesselande\/wonen\/wp-content\/uploads\/2025\/01\/img_6791662734441-300x219.png?v=1737582120 300w, https:\/\/www.rotterdam-nesselande.nl\/nieuws\/zuidplas\/rotterdam\/nesselande\/wonen\/wp-content\/uploads\/2025\/01\/img_6791662734441-696x509.png?v=1737582120 696w\" sizes=\"auto, (max-width: 718px) 100vw, 718px\" \/><\/p>\n<p><strong>De gemeente Rotterdam heeft ruim 8 miljoen euro ontvangen van het Rijk om de bouw van de flexwoningen, ook in Nesselande, te versnellen. Dit heeft de Rotterdamse raad ons kenbaar gemaakt. Eind 2025 zou een deel van het traject afgerond moeten zijn in Nesselande. Door aanhoudend nepnieuws uit Nesselande, <a href=\"https:\/\/www.rotterdam-nesselande.nl\/nieuws\/zuidplas\/rotterdam\/nesselande\/wonen\/?s=flexwoningen\">zie dossier<\/a>, met foutieve bewering dat er asielzoekers in zouden komen is het aantal flexwoningen voor jongeren minder geworden op verzoek van Leefbaar Rotterdam.<\/strong><\/p>\n<p>&nbsp;<\/p>\n<p>De plek is een niet-gebruikte zone tussen de Laan van Magisch Realisme en de Willem Gispenstraat (tussen de bedrijven en de weg). Op deze plek is ruimte voor kantoren, maar daar is op korte termijn niet veel vraag naar.<\/p>\n<blockquote><p>Het plan bestaat uit 140 compacte woningen. Alle woningen zijn bedoeld voor woningzoekenden tot en met 27 jaar oud. E\u00e9n derde van de woningen is voor inwoners uit Nesselande, \u00e9\u00e9n derde is voor statushouders en \u00e9\u00e9n derde voor andere woningzoekenden via Woonnet Rijnmond.<\/p><\/blockquote>\n<p>Er wordt regelmatig gesproken met een klankbordgroep, waarin de gemeente, samen met Woonstad Rotterdam, overlegt met een aantal omwonenden en wijkraadsleden. Er worden goede buurtafspraken gemaakt over onder andere veiligheid en beheer.<\/p>\n<p>Voor meer informatie kun u ook kijken op:\u00a0<a href=\"https:\/\/www.woonstadrotterdam.nl\/flex-nesselande\" target=\"_blank\" rel=\"noreferrer noopener\">Woonstadrotterdam<span class=\"styles_visuallyHidden__2dypt\">. Link opent een externe pagina<\/span><\/a>\u00a0en\u00a0<a href=\"https:\/\/mijn.rotterdam.nl\/link\/project\/29836347531340441\" target=\"_blank\" rel=\"noreferrer noopener\">Mijn Rotterdam &#8211; Flexwoningen Nesselande<span class=\"styles_visuallyHidden__2dypt\">. Link opent een externe pagina<\/span><\/a>.<\/p>\n","protected":false},"excerpt":{"rendered":"<p>De gemeente Rotterdam heeft ruim 8 miljoen euro ontvangen van het Rijk om de bouw van de flexwoningen, ook in Nesselande, te versnellen. Dit heeft de Rotterdamse raad ons kenbaar gemaakt. Eind 2025 zou een deel van het traject afgerond moeten zijn in Nesselande. Door aanhoudend nepnieuws uit Nesselande, zie dossier, met foutieve bewering dat [&hellip;]<\/p>\n","protected":false},"author":1,"featured_media":67737,"comment_status":"closed","ping_status":"closed","sticky":false,"template":"","format":"standard","meta":{"tdm_status":"","tdm_grid_status":"","footnotes":""},"categories":[57,281,3],"tags":[3435,6,2417,7,3628,142],"class_list":{"0":"post-69434","1":"post","2":"type-post","3":"status-publish","4":"format-standard","5":"has-post-thumbnail","7":"category-activiteiten-in-de-wijk","8":"category-in-de-omgeving-van-nesselande","9":"category-mening-visie-nesselande-opinie","10":"tag-flex","11":"tag-nesselande","12":"tag-news","13":"tag-nieuws","14":"tag-opinie","15":"tag-woningen"},"_links":{"self":[{"href":"https:\/\/www.rotterdam-nesselande.nl\/nieuws\/zuidplas\/rotterdam\/nesselande\/wonen\/wp-json\/wp\/v2\/posts\/69434","targetHints":{"allow":["GET"]}}],"collection":[{"href":"https:\/\/www.rotterdam-nesselande.nl\/nieuws\/zuidplas\/rotterdam\/nesselande\/wonen\/wp-json\/wp\/v2\/posts"}],"about":[{"href":"https:\/\/www.rotterdam-nesselande.nl\/nieuws\/zuidplas\/rotterdam\/nesselande\/wonen\/wp-json\/wp\/v2\/types\/post"}],"author":[{"embeddable":true,"href":"https:\/\/www.rotterdam-nesselande.nl\/nieuws\/zuidplas\/rotterdam\/nesselande\/wonen\/wp-json\/wp\/v2\/users\/1"}],"replies":[{"embeddable":true,"href":"https:\/\/www.rotterdam-nesselande.nl\/nieuws\/zuidplas\/rotterdam\/nesselande\/wonen\/wp-json\/wp\/v2\/comments?post=69434"}],"version-history":[{"count":0,"href":"https:\/\/www.rotterdam-nesselande.nl\/nieuws\/zuidplas\/rotterdam\/nesselande\/wonen\/wp-json\/wp\/v2\/posts\/69434\/revisions"}],"wp:featuredmedia":[{"embeddable":true,"href":"https:\/\/www.rotterdam-nesselande.nl\/nieuws\/zuidplas\/rotterdam\/nesselande\/wonen\/wp-json\/wp\/v2\/media\/67737"}],"wp:attachment":[{"href":"https:\/\/www.rotterdam-nesselande.nl\/nieuws\/zuidplas\/rotterdam\/nesselande\/wonen\/wp-json\/wp\/v2\/media?parent=69434"}],"wp:term":[{"taxonomy":"category","embeddable":true,"href":"https:\/\/www.rotterdam-nesselande.nl\/nieuws\/zuidplas\/rotterdam\/nesselande\/wonen\/wp-json\/wp\/v2\/categories?post=69434"},{"taxonomy":"post_tag","embeddable":true,"href":"https:\/\/www.rotterdam-nesselande.nl\/nieuws\/zuidplas\/rotterdam\/nesselande\/wonen\/wp-json\/wp\/v2\/tags?post=69434"}],"curies":[{"name":"wp","href":"https:\/\/api.w.org\/{rel}","templated":true}]}}