{"id":76546,"date":"2026-09-06T11:13:31","date_gmt":"2026-09-06T09:13:31","guid":{"rendered":"https:\/\/www.rotterdam-nesselande.nl\/nieuws\/zuidplas\/rotterdam\/nesselande\/wonen\/?p=76546"},"modified":"2026-09-06T11:16:35","modified_gmt":"2026-09-06T09:16:35","slug":"nesselande-krijgt-kavel-voor-wooncooperatie-voor-maximaal-42-woningen","status":"publish","type":"post","link":"https:\/\/www.rotterdam-nesselande.nl\/nieuws\/zuidplas\/rotterdam\/nesselande\/wonen\/nesselande-krijgt-kavel-voor-wooncooperatie-voor-maximaal-42-woningen\/","title":{"rendered":"Nesselande krijgt woonco\u00f6peratie kavel voor maximaal 42 woningen"},"content":{"rendered":"<p>&nbsp;<\/p>\n<figure id=\"attachment_76547\" aria-describedby=\"caption-attachment-76547\" style=\"width: 1774px\" class=\"wp-caption aligncenter\"><img loading=\"lazy\" decoding=\"async\" class=\"wp-image-76547 size-full\" src=\"https:\/\/www.rotterdam-nesselande.nl\/nieuws\/zuidplas\/rotterdam\/nesselande\/wonen\/wp-content\/uploads\/2026\/09\/img_6a9d2e4d3cce9.png\" alt=\"Nesselande krijgt kavel voor woonco\u00f6peratie voor maximaal 42 woningen\" width=\"1774\" height=\"887\" srcset=\"https:\/\/www.rotterdam-nesselande.nl\/nieuws\/zuidplas\/rotterdam\/nesselande\/wonen\/wp-content\/uploads\/2026\/09\/img_6a9d2e4d3cce9.png 1774w, https:\/\/www.rotterdam-nesselande.nl\/nieuws\/zuidplas\/rotterdam\/nesselande\/wonen\/wp-content\/uploads\/2026\/09\/img_6a9d2e4d3cce9-475x238.png 475w, https:\/\/www.rotterdam-nesselande.nl\/nieuws\/zuidplas\/rotterdam\/nesselande\/wonen\/wp-content\/uploads\/2026\/09\/img_6a9d2e4d3cce9-1024x512.png 1024w, https:\/\/www.rotterdam-nesselande.nl\/nieuws\/zuidplas\/rotterdam\/nesselande\/wonen\/wp-content\/uploads\/2026\/09\/img_6a9d2e4d3cce9-768x384.png 768w, https:\/\/www.rotterdam-nesselande.nl\/nieuws\/zuidplas\/rotterdam\/nesselande\/wonen\/wp-content\/uploads\/2026\/09\/img_6a9d2e4d3cce9-1536x768.png 1536w, https:\/\/www.rotterdam-nesselande.nl\/nieuws\/zuidplas\/rotterdam\/nesselande\/wonen\/wp-content\/uploads\/2026\/09\/img_6a9d2e4d3cce9-840x420.png 840w, https:\/\/www.rotterdam-nesselande.nl\/nieuws\/zuidplas\/rotterdam\/nesselande\/wonen\/wp-content\/uploads\/2026\/09\/img_6a9d2e4d3cce9-300x150.png 300w, https:\/\/www.rotterdam-nesselande.nl\/nieuws\/zuidplas\/rotterdam\/nesselande\/wonen\/wp-content\/uploads\/2026\/09\/img_6a9d2e4d3cce9-696x348.png 696w, https:\/\/www.rotterdam-nesselande.nl\/nieuws\/zuidplas\/rotterdam\/nesselande\/wonen\/wp-content\/uploads\/2026\/09\/img_6a9d2e4d3cce9-1068x534.png 1068w\" sizes=\"auto, (max-width: 1774px) 100vw, 1774px\" \/><figcaption id=\"caption-attachment-76547\" class=\"wp-caption-text\">Nesselande krijgt kavel voor woonco\u00f6peratie voor maximaal 42 woningen<\/figcaption><\/figure>\n<p><strong>In Nesselande komt een nieuwe bouwkavel waarop bewoners gezamenlijk hun eigen woonproject kunnen ontwikkelen. De gemeente Rotterdam maakte het plan op 3 september 2026\u00a0bekend. Op de locatie is ruimte voor\u00a0minimaal 25 en maximaal 42 woningen\u00a0die via een woonco\u00f6peratie worden gebouwd en beheerd.<\/strong><\/p>\n<h2>Bewoners krijgen veel zeggenschap<\/h2>\n<p>Bij co\u00f6peratief wonen verenigen toekomstige bewoners zich en bepalen zij gezamenlijk hoe het woongebouw eruitziet, hoe het wordt beheerd en welke voorzieningen worden gedeeld. De gemeente ziet deze woonvorm als aanvulling op reguliere huur- en koopwoningen en wil er ook langdurig betaalbare woningen mee stimuleren.<\/p>\n<blockquote><p>\u201cCo\u00f6peratief wonen is er in principe voor iedereen. Jongeren, ouderen, alleenstaanden, stellen en gezinnen kunnen allemaal meedoen.\u201d \u2014 Hans Holwerda, gemeente Rotterdam.<\/p><\/blockquote>\n<h2>Ruimte voor maximaal 42 woningen<\/h2>\n<p>De nieuwe kavel in Nesselande is ongeveer\u00a011.000 vierkante meter\u00a0groot. Daarvan is 3.600 vierkante meter bestemd om te bebouwen. Begin 2027 wil de gemeente starten met de selectie van een woonco\u00f6peratie. Eerst worden drie groepen geselecteerd, waarna uiteindelijk \u00e9\u00e9n groep de locatie mag ontwikkelen. De bouw kan naar verwachting ongeveer twee jaar later beginnen.<\/p>\n<p><strong>Gratis cursus in september<\/strong><\/p>\n<p>Ge\u00efnteresseerden kunnen zich individueel of als groep aanmelden via Crowdbuilding. Op\u00a0<strong>8 en 22 september<\/strong>\u00a0worden bovendien gratis instapcursussen georganiseerd over het oprichten en organiseren van een woonco\u00f6peratie. Eind oktober publiceert Rotterdam de selectieleidraad met de precieze voorwaarden voor de kavel.<\/p>\n<p><em>Met maximaal 42 nieuwe woningen krijgt Nesselande er niet alleen woningbouw bij, maar mogelijk ook een nieuwe woonvorm waarbij toekomstige bewoners vanaf het begin zelf invloed hebben op ontwerp, betaalbaarheid en het dagelijks beheer.<\/em><\/p>\n<p>&nbsp;<\/p>\n","protected":false},"excerpt":{"rendered":"<p>In Nesselande komt een nieuwe bouwkavel waarop bewoners gezamenlijk hun eigen woonproject kunnen ontwikkelen. De gemeente Rotterdam maakte het plan op 3 september 2026\u00a0bekend. Op de locatie is ruimte voor\u00a0minimaal 25 en maximaal 42 woningen\u00a0die via een woonco\u00f6peratie worden gebouwd en beheerd.<\/p>\n","protected":false},"author":1,"featured_media":76547,"comment_status":"closed","ping_status":"closed","sticky":false,"template":"","format":"standard","meta":{"tdm_status":"","tdm_grid_status":"","footnotes":""},"categories":[4],"tags":[1134,6,575],"class_list":["post-76546","post","type-post","status-publish","format-standard","has-post-thumbnail","category-gemeente-of-deelgemeente","tag-kavels","tag-nesselande","tag-waterijk"],"_links":{"self":[{"href":"https:\/\/www.rotterdam-nesselande.nl\/nieuws\/zuidplas\/rotterdam\/nesselande\/wonen\/wp-json\/wp\/v2\/posts\/76546","targetHints":{"allow":["GET"]}}],"collection":[{"href":"https:\/\/www.rotterdam-nesselande.nl\/nieuws\/zuidplas\/rotterdam\/nesselande\/wonen\/wp-json\/wp\/v2\/posts"}],"about":[{"href":"https:\/\/www.rotterdam-nesselande.nl\/nieuws\/zuidplas\/rotterdam\/nesselande\/wonen\/wp-json\/wp\/v2\/types\/post"}],"author":[{"embeddable":true,"href":"https:\/\/www.rotterdam-nesselande.nl\/nieuws\/zuidplas\/rotterdam\/nesselande\/wonen\/wp-json\/wp\/v2\/users\/1"}],"replies":[{"embeddable":true,"href":"https:\/\/www.rotterdam-nesselande.nl\/nieuws\/zuidplas\/rotterdam\/nesselande\/wonen\/wp-json\/wp\/v2\/comments?post=76546"}],"version-history":[{"count":0,"href":"https:\/\/www.rotterdam-nesselande.nl\/nieuws\/zuidplas\/rotterdam\/nesselande\/wonen\/wp-json\/wp\/v2\/posts\/76546\/revisions"}],"wp:featuredmedia":[{"embeddable":true,"href":"https:\/\/www.rotterdam-nesselande.nl\/nieuws\/zuidplas\/rotterdam\/nesselande\/wonen\/wp-json\/wp\/v2\/media\/76547"}],"wp:attachment":[{"href":"https:\/\/www.rotterdam-nesselande.nl\/nieuws\/zuidplas\/rotterdam\/nesselande\/wonen\/wp-json\/wp\/v2\/media?parent=76546"}],"wp:term":[{"taxonomy":"category","embeddable":true,"href":"https:\/\/www.rotterdam-nesselande.nl\/nieuws\/zuidplas\/rotterdam\/nesselande\/wonen\/wp-json\/wp\/v2\/categories?post=76546"},{"taxonomy":"post_tag","embeddable":true,"href":"https:\/\/www.rotterdam-nesselande.nl\/nieuws\/zuidplas\/rotterdam\/nesselande\/wonen\/wp-json\/wp\/v2\/tags?post=76546"}],"curies":[{"name":"wp","href":"https:\/\/api.w.org\/{rel}","templated":true}]}}